{"id":5664,"date":"2025-01-05T17:31:32","date_gmt":"2025-01-05T16:31:32","guid":{"rendered":"https:\/\/www.berrand-sarl.fr\/EnR\/?p=5664"},"modified":"2026-04-04T17:23:51","modified_gmt":"2026-04-04T15:23:51","slug":"attention-au-monoxyde-de-carbone","status":"publish","type":"post","link":"https:\/\/www.berrand-sarl.fr\/EnR\/attention-au-monoxyde-de-carbone\/","title":{"rendered":"Attention au monoxyde de carbone"},"content":{"rendered":"\n<blockquote class=\"wp-block-quote has-text-color has-link-color has-medium-font-size wp-elements-a3772f1f57c5e5445239a339ad3badaa is-layout-flow wp-block-quote-is-layout-flow\" style=\"color:#1307e3\">\n<p><strong>Le retour de l&#8217;hiver et des grands froids nous obligent \u00e0 remettre en service nos appareils de <a href=\"https:\/\/www.berrand-sarl.fr\/EnR\/chauffage-central-a-eau-chaude\/\">chauffage<\/a>. L&#8217;entretien de ceux-ci exige qu&#8217;il soit fait annuellement, voir 2 fois par an pour certains mat\u00e9riels. Mais m\u00eame un appareil parfaitement entretenu peut causer des accidents graves pour de multiples raisons. Le principal danger sera le monoxyde de carbone :<\/strong><\/p>\n<\/blockquote>\n\n\n\n<div class=\"wp-block-group\"><div class=\"wp-block-group__inner-container is-layout-flow wp-block-group-is-layout-flow\">\n<p class=\"has-drop-cap has-vivid-purple-color has-text-color\">Le monoxyde de carbone (CO) est <strong>un gaz incolore, inodore, toxique et potentiellement mortel<\/strong> qui r\u00e9sulte d\u2019une combustion incompl\u00e8te, et ce quel que soit le combustible utilis\u00e9&nbsp;: <a href=\"https:\/\/www.berrand-sarl.fr\/EnR\/chaudiere-a-granules-de-bois-pellets\/\">bois<\/a>, butane, charbon, essence, fuel, <a href=\"https:\/\/www.berrand-sarl.fr\/EnR\/chauffage-au-gaz-naturel\/\">gaz naturel<\/a>, p\u00e9trole, <a href=\"https:\/\/www.berrand-sarl.fr\/EnR\/chauffage-au-gaz-naturel\/\">propane<\/a>. Il diffuse tr\u00e8s vite dans l\u2019environnement. Chaque ann\u00e9e, ce gaz toxique est responsable d\u2019une centaine de d\u00e9c\u00e8s en France.<\/p>\n\n\n\n<p class=\"has-vivid-purple-color has-text-color\">Au cours des p\u00e9riodes annuelles de chauffe, de nombreux \u00e9pisodes d\u2019intoxication au CO surviennent par accident et implique une quantit\u00e9 importante de personnes qui ont \u00e9t\u00e9 signal\u00e9es au syst\u00e8me de surveillance de Sant\u00e9 publique France.<\/p>\n\n\n\n<p class=\"has-vivid-purple-color has-text-color\"><strong>Des gestes simples contribuent pourtant \u00e0 r\u00e9duire les risques.<\/strong><\/p>\n<\/div><\/div>\n\n\n\n<figure class=\"wp-block-video\"><video controls poster=\"https:\/\/www.berrand-sarl.fr\/EnR\/wp-content\/uploads\/2024\/10\/videoframe_11684.png\" src=\"https:\/\/www.berrand-sarl.fr\/Entreprise\/Sons_MP3_MP4\/Monoxyde_de_carbone.mp4\"><\/video><\/figure>\n\n\n\n<h2 class=\"wp-block-heading\"><strong><mark style=\"background-color:rgba(0, 0, 0, 0)\" class=\"has-inline-color has-vivid-cyan-blue-color\">Comment \u00eatre alert\u00e9 si j\u2019ai du monoxyde de carbone dans mon logement&nbsp;?<\/mark><\/strong><\/h2>\n\n\n\n<div class=\"wp-block-group\"><div class=\"wp-block-group__inner-container is-layout-flow wp-block-group-is-layout-flow\">\n<p>Il existe sur le march\u00e9 fran\u00e7ais des d\u00e9tecteurs de monoxyde de carbone \u00e0 fixer ou portables. L\u2019avis de la Commission de la S\u00e9curit\u00e9 des Consommateurs du 21 novembre 2013 relatif au niveau de s\u00e9curit\u00e9 apport\u00e9 par les d\u00e9tecteurs autonomes avertisseurs de monoxyde de carbone indique que leur niveau de s\u00e9curit\u00e9 est trop souvent insuffisant. Si vous choisissez aujourd\u2019hui d\u2019\u00e9quiper votre logement d\u2019un d\u00e9tecteur, assurez-vous au pr\u00e9alable que le d\u00e9tecteur que vous avez choisi soit d\u00e9clar\u00e9 par le fabricant conforme \u00e0 la norme europ\u00e9enne NF EN 50291 (cette mention doit figurer sur l\u2019emballage du produit).<\/p>\n\n\n\n<p>Lors de l\u2019entretien annuel de votre chaudi\u00e8re, le professionnel qualifi\u00e9 qui intervient est tenu de mesurer le monoxyde de carbone pour s\u2019assurer que votre installation n\u2019\u00e9met pas de monoxyde de carbone.<\/p>\n\n\n\n<p>Par ailleurs, si votre logement est \u00e9galement \u00e9quip\u00e9 de d\u00e9tecteurs avertisseurs autonomes de fum\u00e9es (DAAF), attention \u00e0 ne pas confondre leurs alarmes. Les comportements \u00e0 adopter en r\u00e9action du d\u00e9clenchement de l\u2019alarme d\u2019un DAAF (ne pas sortir de chez soi, calfeutrer les portes, se mettre \u00e0 c\u00f4t\u00e9 de la fen\u00eatre et attendre les secours) sont \u00e0 l\u2019inverse de ceux \u00e0 adopter si l\u2019alarme d\u2019un d\u00e9tecteur de CO se d\u00e9clenche (ouvrir les fen\u00eatres et sortir du logement).<\/p>\n<\/div><\/div>\n\n\n\n<h2 class=\"wp-block-heading\"><strong><mark style=\"background-color:rgba(0, 0, 0, 0)\" class=\"has-inline-color has-vivid-cyan-blue-color\">Dans quelles circonstances surviennent les intoxications&nbsp;?<\/mark><\/strong><\/h2>\n\n\n<div class=\"wp-block-image\">\n<figure class=\"aligncenter size-full is-resized\"><img loading=\"lazy\" decoding=\"async\" width=\"800\" height=\"465\" src=\"https:\/\/www.berrand-sarl.fr\/EnR\/wp-content\/uploads\/2024\/11\/Concentration_Co.2066.jpg\" alt=\"Temps d'exposition au CO\" class=\"wp-image-13162\" style=\"width:786px;height:auto\" srcset=\"https:\/\/www.berrand-sarl.fr\/EnR\/wp-content\/uploads\/2024\/11\/Concentration_Co.2066.jpg 800w, https:\/\/www.berrand-sarl.fr\/EnR\/wp-content\/uploads\/2024\/11\/Concentration_Co.2066-300x174.jpg 300w, https:\/\/www.berrand-sarl.fr\/EnR\/wp-content\/uploads\/2024\/11\/Concentration_Co.2066-768x446.jpg 768w\" sizes=\"auto, (max-width: 800px) 100vw, 800px\" \/><figcaption class=\"wp-element-caption\"><mark style=\"background-color:rgba(0, 0, 0, 0);color:#f60202\" class=\"has-inline-color\"><strong>Temps d&#8217;exposition et cons\u00e9quences des \u00e9manations de CO<\/strong><\/mark><\/figcaption><\/figure>\n<\/div>\n\n\n<div class=\"wp-block-group\"><div class=\"wp-block-group__inner-container is-layout-flow wp-block-group-is-layout-flow\">\n<p class=\"has-text-align-center has-text-color has-link-color has-medium-font-size wp-elements-a45b1ecb544956bb3d4f59be574cb269\" style=\"color:#f60101\">Les intoxications au monoxyde de carbone r\u00e9sultent de plusieurs causes&nbsp;:<\/p>\n\n\n\n<ul class=\"wp-block-list\">\n<li>Mauvaise \u00e9vacuation des produits de combustion (conduit de fum\u00e9e obstru\u00e9 ou mal dimensionn\u00e9)<\/li>\n\n\n\n<li>Absence ou insuffisance de ventilation dans la pi\u00e8ce o\u00f9 est install\u00e9 l\u2019appareil (pi\u00e8ces calfeutr\u00e9es, sorties d\u2019air bouch\u00e9es)<\/li>\n\n\n\n<li>D\u00e9faut d\u2019entretien des appareils de chauffage et de production d\u2019eau chaude.<\/li>\n\n\n\n<li>V\u00e9tust\u00e9 des appareils<\/li>\n\n\n\n<li>Usage inappropri\u00e9 de certains appareils, con\u00e7us exclusivement pour une utilisation en ext\u00e9rieur ou en appoint (appareils de chauffage d\u2019appoint utilis\u00e9s en continu par exemple, groupes \u00e9lectrog\u00e8nes ..)<\/li>\n\n\n\n<li>Incompatibilit\u00e9 des diff\u00e9rentes installations pr\u00e9sentes dans un m\u00eame logement (exemple&nbsp;: foyer ouvert et chaudi\u00e8re)<\/li>\n<\/ul>\n\n\n\n<p>On observe souvent, lors d\u2019accidents, un cumul de ces causes.<br>De plus, des facteurs aggravants comme des conditions m\u00e9t\u00e9orologiques particuli\u00e8res (temp\u00eate, brouillard dense, grand froid\u2026) .entra\u00eenent une \u00e9l\u00e9vation des risques et ce, d\u2019autant plus qu\u2019elles peuvent s\u2019accompagner de l\u2019utilisation massive de chauffages de fortune (groupe \u00e9lectrog\u00e8ne, po\u00eale \u00e0 p\u00e9trole, brasero\u2026).<br>Par ailleurs, des <strong>intoxications collectives<\/strong> sont observ\u00e9es chaque ann\u00e9e dans des lieux publics&nbsp;: \u00e9coles, grandes surfaces, restaurants, \u00e9glises, patinoires\u2026.<\/p>\n\n\n\n<p><strong>Tous les types d\u2019appareils \u00e0 combustion, quel que soit le combustible utilis\u00e9, constituent une source potentielle de monoxyde de carbone, en quantit\u00e9 variable selon la nature de ce combustible et la qualit\u00e9 de la combustion&nbsp;:<\/strong><\/p>\n<\/div><\/div>\n\n\n\n<ul class=\"wp-block-list\">\n<li>les chaudi\u00e8res \u00e0 bois, \u00e0 charbon, \u00e0 gaz, ou \u00e0 <a href=\"https:\/\/www.berrand-sarl.fr\/EnR\/chauffage-au-fioul-domestique\/\">fioul<\/a><\/li>\n\n\n\n<li>les chauffe-eau et chauffe-bain<\/li>\n\n\n\n<li>les inserts de chemin\u00e9es, les <a href=\"https:\/\/www.berrand-sarl.fr\/EnR\/les-poeles-a-bois-buches\/\">po\u00eales<\/a><\/li>\n\n\n\n<li>les chauffages mobiles d\u2019appoint<\/li>\n\n\n\n<li>les cuisini\u00e8res \u00e0 bois, \u00e0 charbon, ou \u00e0 gaz<\/li>\n\n\n\n<li>les moteurs automobiles dans les garages<\/li>\n\n\n\n<li>les groupes \u00e9lectrog\u00e8nes \u00e0 essence ou \u00e0 fioul et tout moteur thermique fixe ou mobile<\/li>\n\n\n\n<li>les appareils \u00ab&nbsp;de fortune&nbsp;\u00bb type brasero<\/li>\n<\/ul>\n\n\n\n<p class=\"has-text-align-center has-medium-font-size\"><a href=\"https:\/\/sante.gouv.fr\/actualites\/presse\/communiques-de-presse\/article\/les-intoxications-au-monoxyde-de-carbone-peuvent-concerner-chacun-de-nous-et\"><strong><span class=\"has-inline-color has-vivid-red-color\">Pour en savoir plus ==&gt;<\/span><\/strong><\/a><\/p>\n\n\n\n<h3 class=\"wp-block-heading has-text-align-center\"><a href=\"https:\/\/www.berrand-sarl.fr\/files\/flyer__co_dgs.pdf\"><strong>SE PROT\u00c9GER DES INTOXICATIONS AU MONOXYDE DE CARBONE<\/strong><\/a><\/h3>\n\n\n<div class=\"wp-block-image is-style-rounded\">\n<figure class=\"alignright size-full\" id=\"Haut_de_page\"><a href=\"#\"><img loading=\"lazy\" decoding=\"async\" width=\"40\" height=\"40\" src=\"https:\/\/www.berrand-sarl.fr\/EnR\/wp-content\/uploads\/2026\/04\/haut-page.jpg\" alt=\"Bouton haut page\" class=\"wp-image-15961\" title=\"Bouton vers haut de page\"\/><\/a><\/figure>\n<\/div>\n\n\n<p><\/p>\n","protected":false},"excerpt":{"rendered":"<p>Le retour de l&#8217;hiver et des grands froids nous obligent \u00e0 remettre en service nos appareils de chauffage. L&#8217;entretien de ceux-ci exige qu&#8217;il soit fait annuellement, voir 2 fois par an pour certains mat\u00e9riels. Mais m\u00eame un appareil parfaitement entretenu&#8230; <\/p>\n","protected":false},"author":1,"featured_media":12217,"comment_status":"closed","ping_status":"open","sticky":false,"template":"","format":"standard","meta":{"_seopress_robots_primary_cat":"none","_seopress_titles_title":"%%post_title%% %%sep%% %%sitetitle%%","_seopress_titles_desc":"Le monoxyde de carbone (CO) est un gaz incolore, inodore, toxique, potentiellement mortel qui r\u00e9sulte d\u2019une combustion incompl\u00e8te, quel que soit le combustible","_seopress_robots_index":"","_themeisle_gutenberg_block_has_review":false,"footnotes":""},"categories":[12],"tags":[],"class_list":["post-5664","post","type-post","status-publish","format-standard","has-post-thumbnail","hentry","category-nos-articles"],"_links":{"self":[{"href":"https:\/\/www.berrand-sarl.fr\/EnR\/wp-json\/wp\/v2\/posts\/5664","targetHints":{"allow":["GET"]}}],"collection":[{"href":"https:\/\/www.berrand-sarl.fr\/EnR\/wp-json\/wp\/v2\/posts"}],"about":[{"href":"https:\/\/www.berrand-sarl.fr\/EnR\/wp-json\/wp\/v2\/types\/post"}],"author":[{"embeddable":true,"href":"https:\/\/www.berrand-sarl.fr\/EnR\/wp-json\/wp\/v2\/users\/1"}],"replies":[{"embeddable":true,"href":"https:\/\/www.berrand-sarl.fr\/EnR\/wp-json\/wp\/v2\/comments?post=5664"}],"version-history":[{"count":0,"href":"https:\/\/www.berrand-sarl.fr\/EnR\/wp-json\/wp\/v2\/posts\/5664\/revisions"}],"wp:featuredmedia":[{"embeddable":true,"href":"https:\/\/www.berrand-sarl.fr\/EnR\/wp-json\/wp\/v2\/media\/12217"}],"wp:attachment":[{"href":"https:\/\/www.berrand-sarl.fr\/EnR\/wp-json\/wp\/v2\/media?parent=5664"}],"wp:term":[{"taxonomy":"category","embeddable":true,"href":"https:\/\/www.berrand-sarl.fr\/EnR\/wp-json\/wp\/v2\/categories?post=5664"},{"taxonomy":"post_tag","embeddable":true,"href":"https:\/\/www.berrand-sarl.fr\/EnR\/wp-json\/wp\/v2\/tags?post=5664"}],"curies":[{"name":"wp","href":"https:\/\/api.w.org\/{rel}","templated":true}]}}