{"id":5529,"date":"2026-04-10T16:18:35","date_gmt":"2026-04-10T14:18:35","guid":{"rendered":"https:\/\/www.berrand-sarl.fr\/EnR\/?p=5529"},"modified":"2026-04-14T18:33:49","modified_gmt":"2026-04-14T16:33:49","slug":"maintenance-des-pompe-a-chaleur","status":"publish","type":"post","link":"https:\/\/www.berrand-sarl.fr\/EnR\/maintenance-des-pompe-a-chaleur\/","title":{"rendered":"Maintenance des Pompes \u00e0 chaleur"},"content":{"rendered":"<div class=\"wp-block-image is-style-rounded\">\n<figure class=\"alignright size-full is-resized\" id=\"-Haut_de_page\"><a href=\"#Haut_de_page\" rel=\"Bouton haut page\"><img loading=\"lazy\" decoding=\"async\" width=\"40\" height=\"40\" src=\"https:\/\/www.berrand-sarl.fr\/EnR\/wp-content\/uploads\/2026\/04\/bas-page.jpg\" alt=\"Bouton bas page\" class=\"wp-image-15962\" style=\"width:40px;height:auto\" title=\"Vers bas de page\"\/><\/a><\/figure>\n<\/div>\n\n\n<h2 class=\"wp-block-heading has-vivid-purple-color has-text-color\">Les textes sont parus, l&#8217;obligation d&#8217;entretien est entr\u00e9e en vigueur<\/h2>\n\n\n\n<p style=\"font-size:19px\"><strong><span class=\"has-inline-color has-vivid-cyan-blue-color\">D\u00c9CRYPTAGE. <\/span><\/strong>Les pouvoirs publics avaient annonc\u00e9, en mars 2020, que la maintenance des pompes \u00e0 chaleur allait devenir obligatoire tous les deux ans. Les<a href=\"https:\/\/www.ecologie.gouv.fr\/politiques-publiques\/entretien-inspection-systemes-chauffage-climatisation#lentretien-et-linspection-des-systemes-thermodynamiques-1\"><strong> textes instituant cette d\u00e9cision<\/strong><\/a> sont parus fin juillet 2020 et sont entr\u00e9s <a href=\"https:\/\/www.legifrance.gouv.fr\/loda\/id\/JORFTEXT000042164734\"><strong>en vigueur pour le neuf comme pour l&#8217;existant.<\/strong><\/a> Explications avec Val\u00e9rie Laplagne, en charge de la chaleur renouvelable chez Uniclima, et Roland Bouquet, vice-pr\u00e9sident d\u00e9l\u00e9gu\u00e9 du Synasav.<\/p>\n\n\n\n<p>La maintenance obligatoire, tous les deux ans, des <strong><a href=\"https:\/\/www.berrand-sarl.fr\/EnR\/la-pompe-a-chaleur\/\">pompes \u00e0 chaleur<\/a><\/strong> est aujourd&#8217;hui une r\u00e9alit\u00e9. Les textes instaurant cette disposition sont en effet parus fin juillet au Journal officiel, quelques mois apr\u00e8s l&#8217;annonce par les pouvoirs publics de cette \u00e9volution. L&#8217;administration a profit\u00e9 de la transposition de la directive europ\u00e9enne sur l&#8217;efficacit\u00e9 \u00e9nerg\u00e9tique pour harmoniser les conditions de <strong><a href=\"https:\/\/www.berrand-sarl.fr\/EnR\/chauffage-central-a-eau-chaude\/\">contr\u00f4les des installations de chauffage<\/a><\/strong> en g\u00e9n\u00e9ral. L&#8217;apport le plus manifeste de ces travaux constitue ainsi l&#8217;entr\u00e9e de la Pac dans cette logique de contr\u00f4le obligatoire. Les textes de juillet concernent aussi bien les \u00e9quipements neufs, qui devront \u00eatre contr\u00f4l\u00e9s au plus tard dans les deux ans suivant leur installation, que les existants qui devront l&#8217;\u00eatre d&#8217;ici au 1er juillet 2022.<\/p>\n\n\n<div class=\"wp-block-image\">\n<figure class=\"aligncenter size-large\"><a href=\"https:\/\/www.berrand-sarl.fr\/EnR\/la-pompe-a-chaleur\/\"><img loading=\"lazy\" decoding=\"async\" width=\"1024\" height=\"498\" src=\"https:\/\/www.berrand-sarl.fr\/EnR\/wp-content\/uploads\/2020\/05\/20200501_160730-1024x498.jpg\" alt=\"Unit\u00e9 ext\u00e9rieure Panasonic pour 5 modules\" class=\"wp-image-4592\"\/><\/a><figcaption class=\"wp-element-caption\">Unit\u00e9 ext\u00e9rieure PAC : R\u00e9alisation  BERRAND-SARL <\/figcaption><\/figure>\n<\/div>\n\n\n<p><strong><span class=\"has-inline-color has-black-color\">Une obligation de contr\u00f4le pour les installations d&#8217;une puissance de 4 \u00e0 70kW<\/span><\/strong><\/p>\n\n\n\n<p><em><span class=\"has-inline-color has-vivid-cyan-blue-color\"><strong>&#8220;Jusqu&#8217;ici, seuls les pompes \u00e0 chaleur r\u00e9versibles et les appareils de <a href=\"https:\/\/www.berrand-sarl.fr\/EnR\/climatisation-des-locaux\/\">climatisation<\/a> \u00e9taient soumis \u00e0 une inspection, pour les puissances sup\u00e9rieures \u00e0 12 kW&#8221;<\/strong><\/span><\/em>, nous explique Val\u00e9rie Laplagne, en charge de la chaleur renouvelable chez Uniclima. La directive europ\u00e9enne a relev\u00e9 ce seuil \u00e0 70kW, et les pouvoirs publics fran\u00e7ais ont &#8220;combl\u00e9 le trou&#8221; en introduisant cette contrainte d&#8217;entretien pour les \u00e9quipements dont la puissance est situ\u00e9e entre 4Kw et 70kW, <strong><a href=\"https:\/\/www.berrand-sarl.fr\/EnR\/entretien-de-chaudieres\/\">comme c&#8217;est d\u00e9j\u00e0 le cas pour les chaudi\u00e8res<\/a><\/strong>. Un autre arr\u00eat\u00e9 concerne l&#8217;inspection p\u00e9riodique des &#8220;<strong><a href=\"https:\/\/www.berrand-sarl.fr\/EnR\/le-chauffe-eau-thermodynamique-aerothermie\/\">syst\u00e8mes thermodynamiques <\/a><\/strong>et des syst\u00e8mes de ventilation combin\u00e9 \u00e0 un chauffage&#8221; d&#8217;une puissance sup\u00e9rieure \u00e0 70 kilowatts.<\/p>\n\n\n\n<blockquote class=\"wp-block-quote is-style-large is-layout-flow wp-block-quote-is-layout-flow\">\n<p>&nbsp;<span class=\"has-inline-color has-vivid-cyan-blue-color\"><em>&#8220;Nous souhaitions cette \u00e9volution au vu de l&#8217;augmentation du nombre de pompes \u00e0 chaleur vendues<\/em>&#8220;<\/span><\/p>\n<\/blockquote>\n\n\n<div class=\"wp-block-image\">\n<figure class=\"aligncenter size-full is-resized\"><img loading=\"lazy\" decoding=\"async\" width=\"1500\" height=\"1500\" src=\"https:\/\/www.berrand-sarl.fr\/EnR\/wp-content\/uploads\/2021\/06\/20210602_150012-rotated.jpg\" alt=\"Plafonnier climatisation Toshiba\" class=\"wp-image-7996\" style=\"width:465px;height:349px\" srcset=\"https:\/\/www.berrand-sarl.fr\/EnR\/wp-content\/uploads\/2021\/06\/20210602_150012-rotated.jpg 1500w, https:\/\/www.berrand-sarl.fr\/EnR\/wp-content\/uploads\/2021\/06\/20210602_150012-300x300.jpg 300w, https:\/\/www.berrand-sarl.fr\/EnR\/wp-content\/uploads\/2021\/06\/20210602_150012-1024x1024.jpg 1024w, https:\/\/www.berrand-sarl.fr\/EnR\/wp-content\/uploads\/2021\/06\/20210602_150012-150x150.jpg 150w, https:\/\/www.berrand-sarl.fr\/EnR\/wp-content\/uploads\/2021\/06\/20210602_150012-768x768.jpg 768w, https:\/\/www.berrand-sarl.fr\/EnR\/wp-content\/uploads\/2021\/06\/20210602_150012-1320x1320.jpg 1320w\" sizes=\"auto, (max-width: 1500px) 100vw, 1500px\" \/><figcaption class=\"wp-element-caption\">Unit\u00e9 Interieure climatisation <\/figcaption><\/figure>\n<\/div>\n\n\n<p>&nbsp;<span class=\"has-inline-color has-vivid-cyan-blue-color\"><strong><em>&#8220;Nous sommes satisfaits, car nous militions depuis deux ans pour cela<\/em>&#8220;<\/strong><\/span>, explique Roland Bouquet, vice-pr\u00e9sident du syndicat national de la maintenance et des services en efficacit\u00e9 \u00e9nerg\u00e9tique (Synasav). &#8220;Nous souhaitions cette \u00e9volution au vu de l&#8217;augmentation du nombre de pompes \u00e0 chaleur vendues, li\u00e9e au coup de pouce <a href=\"https:\/\/www.berrand-sarl.fr\/EnR\/chauffage-central-a-eau-chaude\/\">chauffage<\/a>, mais \u00e9galement \u00e0 une \u00e9volution soci\u00e9tale qui fait que les gens veulent sortir du carbone.&#8221; Les d\u00e9tracteurs de la commercialisation massive de pompes \u00e0 chaleur pointaient en effet souvent le fait que la maintenance n&#8217;\u00e9tait pas obligatoire ; ce n&#8217;est donc plus le cas aujourd&#8217;hui.<\/p>\n\n\n\n<h3 class=\"wp-block-heading has-medium-font-size\"><mark style=\"background-color:rgba(0, 0, 0, 0)\" class=\"has-inline-color has-black-color\"><strong>&nbsp;Technicien de maintenance, un m\u00e9tier d&#8217;avenir ?<\/strong><\/mark><\/h3>\n\n\n\n<figure class=\"wp-block-video aligncenter\"><video controls poster=\"https:\/\/www.berrand-sarl.fr\/EnR\/wp-content\/uploads\/2024\/10\/metier-vert.jpg\" src=\"Https:\/\/www.berrand-sarl.fr\/Videos\/Technicien_maintenance_chauffage.mp4\"><\/video><\/figure>\n\n\n\n<p>&nbsp;La fili\u00e8re doit \u00e0 pr\u00e9sent s&#8217;organiser pour \u00eatre en mesure de contr\u00f4ler jusqu&#8217;\u00e0 500.000 Pac par an. &#8220;Nous avons mont\u00e9 des groupes de travail \u00e0 ce sujet, avec l&#8217;objectif d&#8217;attirer des jeunes et de former le personnel&#8221;, d\u00e9taille Roland Bouquet. &#8220;Nous devons montrer que technicien de maintenance est un m\u00e9tier d&#8217;avenir, faisant appel aux outils num\u00e9riques pour programmer et r\u00e9guler les \u00e9quipements, avec une bonne part d&#8217;autonomie.&#8221; Charge aux acteurs, \u00e9galement, de communiquer aupr\u00e8s des professionnels et du grand public pour que cette obligation de maintenance soit respect\u00e9e.<\/p>\n\n\n\n<p>&nbsp;Plus techniquement, l&#8217;arr\u00eat\u00e9 concernant les installations de 4 \u00e0 70kW comporte trois annexes, concernant les points que comporte l&#8217;entretien, les conseils \u00e0 apporter aux clients (sur le syst\u00e8me <a href=\"https:\/\/www.berrand-sarl.fr\/EnR\/le-chauffe-eau-thermodynamique-aerothermie\/\">thermodynamique<\/a>, le fluide frigorig\u00e8ne, les syst\u00e8mes de r\u00e9gulation et de contr\u00f4le de temp\u00e9rature&#8230;), et la r\u00e9alisation d&#8217;une attestation d&#8217;entretien.<\/p>\n\n\n\n<p class=\"has-text-align-right\">Source : <a href=\"https:\/\/www.batiactu.com\/edito\/maintenance-obligatoire-pac-ce-que-contient-decret-60089.php?MD5email=b53493db3999b4feeb8b5f617a02753a&amp;utm_source=alerte_actu&amp;utm_medium=edito\"><strong><em>batiactu<\/em><\/strong><\/a><\/p>\n\n\n\n<p class=\"has-text-align-center has-medium-font-size\"><strong><mark style=\"background-color:rgba(0, 0, 0, 0);color:#ff0000\" class=\"has-inline-color\">Ah, n&#8217;oubliez pas, L<a href=\"https:\/\/www.ecologie.gouv.fr\/politiques-publiques\/entretien-inspection-systemes-chauffage-climatisation#lentretien-et-linspection-des-systemes-thermodynamiques-1\">&#8216;entretien est obligatoire <\/a>pour toutes les pompes \u00e0 chaleur!<\/mark><\/strong> <strong><a href=\"https:\/\/www.berrand-sarl.fr\/EnR\/contacter\/\">CONTACTEZ NOUS<\/a><\/strong><\/p>\n\n\n<div class=\"wp-block-image is-style-rounded\">\n<figure class=\"alignright size-full\" id=\"Haut_de_page\"><a href=\"#\"><img loading=\"lazy\" decoding=\"async\" width=\"40\" height=\"40\" src=\"https:\/\/www.berrand-sarl.fr\/EnR\/wp-content\/uploads\/2026\/04\/haut-page.jpg\" alt=\"Bouton haut page\" class=\"wp-image-15961\" title=\"Bouton vers haut de page\"\/><\/a><\/figure>\n<\/div>","protected":false},"excerpt":{"rendered":"<p>Les textes sont parus, l&#8217;obligation d&#8217;entretien est entr\u00e9e en vigueur D\u00c9CRYPTAGE. Les pouvoirs publics avaient annonc\u00e9, en mars 2020, que la maintenance des pompes \u00e0 chaleur allait devenir obligatoire tous les deux ans. Les textes instituant cette d\u00e9cision sont parus&#8230; <\/p>\n","protected":false},"author":1,"featured_media":11445,"comment_status":"closed","ping_status":"open","sticky":false,"template":"","format":"standard","meta":{"_seopress_robots_primary_cat":"none","_seopress_titles_title":"Maintenance des Pompes \u00e0 chaleur","_seopress_titles_desc":"Les pouvoirs publics avaient annonc\u00e9, en mars 2020, que la maintenance des pompes \u00e0 chaleur allait devenir obligatoire tous les deux ans. Textes: juillet 2020","_seopress_robots_index":"","_themeisle_gutenberg_block_has_review":false,"footnotes":""},"categories":[12],"tags":[],"class_list":["post-5529","post","type-post","status-publish","format-standard","has-post-thumbnail","hentry","category-nos-articles"],"_links":{"self":[{"href":"https:\/\/www.berrand-sarl.fr\/EnR\/wp-json\/wp\/v2\/posts\/5529","targetHints":{"allow":["GET"]}}],"collection":[{"href":"https:\/\/www.berrand-sarl.fr\/EnR\/wp-json\/wp\/v2\/posts"}],"about":[{"href":"https:\/\/www.berrand-sarl.fr\/EnR\/wp-json\/wp\/v2\/types\/post"}],"author":[{"embeddable":true,"href":"https:\/\/www.berrand-sarl.fr\/EnR\/wp-json\/wp\/v2\/users\/1"}],"replies":[{"embeddable":true,"href":"https:\/\/www.berrand-sarl.fr\/EnR\/wp-json\/wp\/v2\/comments?post=5529"}],"version-history":[{"count":0,"href":"https:\/\/www.berrand-sarl.fr\/EnR\/wp-json\/wp\/v2\/posts\/5529\/revisions"}],"wp:featuredmedia":[{"embeddable":true,"href":"https:\/\/www.berrand-sarl.fr\/EnR\/wp-json\/wp\/v2\/media\/11445"}],"wp:attachment":[{"href":"https:\/\/www.berrand-sarl.fr\/EnR\/wp-json\/wp\/v2\/media?parent=5529"}],"wp:term":[{"taxonomy":"category","embeddable":true,"href":"https:\/\/www.berrand-sarl.fr\/EnR\/wp-json\/wp\/v2\/categories?post=5529"},{"taxonomy":"post_tag","embeddable":true,"href":"https:\/\/www.berrand-sarl.fr\/EnR\/wp-json\/wp\/v2\/tags?post=5529"}],"curies":[{"name":"wp","href":"https:\/\/api.w.org\/{rel}","templated":true}]}}