{"id":3266,"date":"2026-04-08T18:23:16","date_gmt":"2026-04-08T16:23:16","guid":{"rendered":"https:\/\/www.berrand-sarl.fr\/EnR\/?page_id=3266"},"modified":"2026-04-08T18:26:40","modified_gmt":"2026-04-08T16:26:40","slug":"energies-renouvelables","status":"publish","type":"post","link":"https:\/\/www.berrand-sarl.fr\/EnR\/energies-renouvelables\/","title":{"rendered":"Energies renouvelables"},"content":{"rendered":"\n<h2 class=\"wp-block-heading has-text-align-center has-vivid-purple-color has-text-color has-large-font-size\">Les En&#8217;R, c&#8217;est quoi<\/h2>\n\n\n\n<h2 class=\"wp-block-heading has-text-align-center has-vivid-purple-color has-text-color\">ou le <a href=\"https:\/\/www.insee.fr\/fr\/metadonnees\/definition\/c1644\"><strong>d\u00e9veloppement Durable<\/strong><\/a><\/h2>\n\n\n\n<h2 class=\"wp-block-heading has-text-color\" style=\"color:#0f980d\">D\u00e9finition<\/h2>\n\n\n\n<div class=\"wp-block-columns is-layout-flex wp-container-core-columns-is-layout-9d6595d7 wp-block-columns-is-layout-flex\">\n<div class=\"wp-block-column is-layout-flow wp-block-column-is-layout-flow\" style=\"flex-basis:100%\">\n<p class=\"has-text-align-center has-text-color\" style=\"color:#109819\"><em><strong>Le d\u00e9veloppement durable est \u00ab&nbsp;un d\u00e9veloppement qui r\u00e9pond aux besoins du pr\u00e9sent sans compromettre la capacit\u00e9 des g\u00e9n\u00e9rations&nbsp;futures \u00e0 r\u00e9pondre aux leurs&nbsp;\u00bb, citation de Mme Gro Harlem Brundtland, Premier Ministre norv\u00e9gien (1987).En 1992, le Sommet de la Terre \u00e0 Rio, tenu sous l&#8217;\u00e9gide des Nations unies, officialise la notion de d\u00e9veloppement durable et celle des trois piliers (\u00e9conomie\/\u00e9cologie\/social) : un d\u00e9veloppement \u00e9conomiquement efficace, socialement \u00e9quitable et \u00e9cologiquement soutenable.<\/strong><\/em><\/p>\n<\/div>\n<\/div>\n\n\n\n<div style=\"height:33px\" aria-hidden=\"true\" class=\"wp-block-spacer\"><\/div>\n\n\n\n<p class=\"has-text-color has-medium-font-size\" style=\"color:#441075\"><strong>Les <a href=\"https:\/\/www.berrand-sarl.fr\/EnR\/\">\u00e9nergies renouvelables<\/a> (En&#8217;R en abr\u00e9g\u00e9) sont des formes d&#8217;\u00e9nergies dont la consommation ne diminue pas la ressource \u00e0 l&#8217;\u00e9chelle humaine. L&#8217;expression \u00e9nergie renouvelable  est la forme courte et usuelle des expressions &#8220;sources d&#8217;\u00e9nergie  renouvelables&#8221; ou&#8221; \u00e9nergies d&#8217;origine renouvelable&#8221; qui sont plus  correctes d&#8217;un point de vue physique.<\/strong> <\/p>\n\n\n\n<h2 class=\"wp-block-heading has-text-align-center has-vivid-purple-color has-text-color has-large-font-size\"><strong>DIFF\u00c9RENTES ENERGIES RENOUVELABLES:<\/strong> <\/h2>\n\n\n\n<p>Le <a href=\"https:\/\/www.berrand-sarl.fr\/EnR\/le-solaire-thermique-production-de-chaleur\/\"><strong>soleil<\/strong><\/a> est  la principale source des diff\u00e9rentes formes d&#8217;\u00e9nergies renouvelables :  son rayonnement est le vecteur de transport de l&#8217;\u00e9nergie utilisable  (directement ou indirectement) lors de la photosynth\u00e8se, ou lors du  cycle de l&#8217;eau (qui permet l&#8217;hydro-\u00e9lectricit\u00e9) et l&#8217;\u00e9nergie des vagues  (\u00e9nergie houlo-motrice) la diff\u00e9rence de temp\u00e9rature entre les eaux  superficielles et les eaux profondes des oc\u00e9ans (\u00e9nergie thermique des  mers) ou encore la diffusion ionique provoqu\u00e9e par l&#8217;arriv\u00e9e d&#8217;eau douce  dans l&#8217;eau sal\u00e9e de la mer (\u00e9nergie osmotique). Cette \u00e9nergie <a href=\"https:\/\/www.berrand-sarl.fr\/EnR\/capteurs-plans\/\">solaire<\/a>  alli\u00e9e \u00e0 la rotation de la terre est \u00e0 l&#8217;origine des vents (\u00e9nergie  \u00e9olienne) et des courants marins (\u00e9nergie hydrolienne ).<\/p>\n\n\n\n<p>La chaleur interne de la Terre\n (<a href=\"https:\/\/www.berrand-sarl.fr\/EnR\/pompe-a-chaleur-geothermique\/\">g\u00e9othermie<\/a>) est assimil\u00e9e \u00e0 une forme d&#8217;\u00e9nergie renouvelable, et le \nsyst\u00e8me Terre -Lune engendre les mar\u00e9es&nbsp; des oc\u00e9ans et des mers \npermettant la mise en valeur de l&#8217;\u00e9nergie mar\u00e9motrice.<\/p>\n\n\n\n<p>Les combustibles fossiles ou min\u00e9raux (mat\u00e9riaux fissiles) ne sont pas des sources d&#8217;\u00e9nergie renouvelables, <strong>les ressources \u00e9tant consomm\u00e9es<\/strong>&nbsp;\u00e0 une vitesse bien sup\u00e9rieure \u00e0 la vitesse \u00e0 laquelle celles-ci sont naturellement cr\u00e9\u00e9es ou disponibles<\/p>\n\n\n\n<h3 class=\"wp-block-heading has-text-align-center has-vivid-red-color has-text-color\" style=\"font-size:27px\"><strong><em>Les diff\u00e9rents types d&#8217;\u00e9nergies renouvelables sont:&nbsp;<\/em><\/strong><\/h3>\n\n\n\n<div style=\"height:33px\" aria-hidden=\"true\" class=\"wp-block-spacer\"><\/div>\n\n\n\n<div class=\"wp-block-media-text alignwide has-media-on-the-right is-stacked-on-mobile is-image-fill has-background\" style=\"background:linear-gradient(135deg,rgb(252,185,0) 25%,rgb(255,105,0) 62%)\"><div class=\"wp-block-media-text__content\">\n<p style=\"font-size:30px\">\u2022<a href=\"https:\/\/www.berrand-sarl.fr\/EnR\/chauffage-solaire-thermique\/\"> <strong>L&#8217;\u00e9nergie solaire thermique.<\/strong><\/a><\/p>\n<\/div><figure class=\"wp-block-media-text__media\" style=\"background-image:url(https:\/\/www.berrand-sarl.fr\/EnR\/wp-content\/uploads\/2020\/12\/P1010163.jpg);background-position:50% 50%\"><img loading=\"lazy\" decoding=\"async\" width=\"1000\" height=\"750\" src=\"https:\/\/www.berrand-sarl.fr\/EnR\/wp-content\/uploads\/2020\/12\/P1010163.jpg\" alt=\"Capteur solaire vertical FRISQUET\" class=\"wp-image-5958 size-full\" srcset=\"https:\/\/www.berrand-sarl.fr\/EnR\/wp-content\/uploads\/2020\/12\/P1010163.jpg 1000w, https:\/\/www.berrand-sarl.fr\/EnR\/wp-content\/uploads\/2020\/12\/P1010163-300x225.jpg 300w, https:\/\/www.berrand-sarl.fr\/EnR\/wp-content\/uploads\/2020\/12\/P1010163-768x576.jpg 768w\" sizes=\"auto, (max-width: 1000px) 100vw, 1000px\" \/><\/figure><\/div>\n\n\n\n<div style=\"height:33px\" aria-hidden=\"true\" class=\"wp-block-spacer\"><\/div>\n\n\n\n<div class=\"wp-block-media-text alignwide is-stacked-on-mobile is-image-fill has-blush-light-purple-gradient-background has-text-color has-background\" style=\"color:#623307\"><figure class=\"wp-block-media-text__media\" style=\"background-image:url(https:\/\/www.berrand-sarl.fr\/EnR\/wp-content\/uploads\/2020\/11\/cid_b3f89af0-2f40-4e00-a633-89898760bab9-1024x768.jpg);background-position:50% 50%\"><img loading=\"lazy\" decoding=\"async\" width=\"1024\" height=\"768\" src=\"https:\/\/www.berrand-sarl.fr\/EnR\/wp-content\/uploads\/2020\/11\/cid_b3f89af0-2f40-4e00-a633-89898760bab9-1024x768.jpg\" alt=\"Vue compl\u00e8te de la chaufferie chaudi\u00e8re et silo pellets\" class=\"wp-image-5857 size-full\" srcset=\"https:\/\/www.berrand-sarl.fr\/EnR\/wp-content\/uploads\/2020\/11\/cid_b3f89af0-2f40-4e00-a633-89898760bab9-1024x768.jpg 1024w, https:\/\/www.berrand-sarl.fr\/EnR\/wp-content\/uploads\/2020\/11\/cid_b3f89af0-2f40-4e00-a633-89898760bab9-300x225.jpg 300w, https:\/\/www.berrand-sarl.fr\/EnR\/wp-content\/uploads\/2020\/11\/cid_b3f89af0-2f40-4e00-a633-89898760bab9-768x576.jpg 768w, https:\/\/www.berrand-sarl.fr\/EnR\/wp-content\/uploads\/2020\/11\/cid_b3f89af0-2f40-4e00-a633-89898760bab9-1536x1152.jpg 1536w, https:\/\/www.berrand-sarl.fr\/EnR\/wp-content\/uploads\/2020\/11\/cid_b3f89af0-2f40-4e00-a633-89898760bab9-2048x1536.jpg 2048w, https:\/\/www.berrand-sarl.fr\/EnR\/wp-content\/uploads\/2020\/11\/cid_b3f89af0-2f40-4e00-a633-89898760bab9-1320x990.jpg 1320w\" sizes=\"auto, (max-width: 1024px) 100vw, 1024px\" \/><\/figure><div class=\"wp-block-media-text__content\">\n<p style=\"font-size:30px\"><strong><a href=\"https:\/\/www.berrand-sarl.fr\/EnR\/les-poeles-a-bois-buches\/\">La biomasse.<\/a> : Bois <a href=\"https:\/\/www.berrand-sarl.fr\/EnR\/les-poeles-a-bois-buches\/\">b\u00fbches<\/a> ou <a href=\"https:\/\/www.berrand-sarl.fr\/EnR\/chaudiere-a-granules-de-bois-pellets\/\">granul\u00e9s<\/a> de <a href=\"https:\/\/www.berrand-sarl.fr\/EnR\/chaudiere-a-granules-de-bois-pellets\/\">bois<\/a>: les pellets.<\/strong><\/p>\n<\/div><\/div>\n\n\n\n<div style=\"height:33px\" aria-hidden=\"true\" class=\"wp-block-spacer\"><\/div>\n\n\n\n<div class=\"wp-block-media-text alignwide has-media-on-the-right is-stacked-on-mobile is-image-fill has-pale-ocean-gradient-background has-background\"><div class=\"wp-block-media-text__content\">\n<p style=\"font-size:30px\">\u2022 <a href=\"https:\/\/www.berrand-sarl.fr\/EnR\/la-pompe-a-chaleur\/\"><strong>L&#8217;\u00e9nergie a\u00e9rothermique<\/strong><\/a> ou <a href=\"https:\/\/www.berrand-sarl.fr\/EnR\/pompe-a-chaleur-geothermique\/\">g\u00e9othermique<\/a>. (Par pompe \u00e0 chaleur).<\/p>\n<\/div><figure class=\"wp-block-media-text__media\" style=\"background-image:url(https:\/\/www.berrand-sarl.fr\/EnR\/wp-content\/uploads\/2020\/05\/20200501_160753-1024x498.jpg);background-position:50% 50%\"><img loading=\"lazy\" decoding=\"async\" width=\"1024\" height=\"498\" src=\"https:\/\/www.berrand-sarl.fr\/EnR\/wp-content\/uploads\/2020\/05\/20200501_160753-1024x498.jpg\" alt=\"Autre vue de la PAC Panasonic sous R32\" class=\"wp-image-4588 size-full\"\/><\/figure><\/div>\n\n\n\n<div style=\"height:33px\" aria-hidden=\"true\" class=\"wp-block-spacer\"><\/div>\n\n\n\n<p>\u2022 L&#8217;\u00e9nergie photovolta\u00efque. (Non r\u00e9alisable par notre entreprise). <\/p>\n\n\n\n<p>\u2022\nL&#8217;\u00e9nergie \u00e9olienne. (Non r\u00e9alisable par notre entreprise).<\/p>\n\n\n\n<p>\u2022\nL&#8217;\u00e9nergie hydraulique. (Non r\u00e9alisable par notre entreprise).<\/p>\n\n\n<div class=\"wp-block-image is-style-default\">\n<figure class=\"aligncenter size-full is-resized\"><img loading=\"lazy\" decoding=\"async\" src=\"https:\/\/www.berrand-sarl.fr\/EnR\/wp-content\/uploads\/2019\/12\/CARBOPVCESI.jpg\" alt=\"Installations r\u00e9alis\u00e9es par BERRAND sarl\" class=\"wp-image-3271\" width=\"768\" height=\"576\" srcset=\"https:\/\/www.berrand-sarl.fr\/EnR\/wp-content\/uploads\/2019\/12\/CARBOPVCESI.jpg 1024w, https:\/\/www.berrand-sarl.fr\/EnR\/wp-content\/uploads\/2019\/12\/CARBOPVCESI-300x225.jpg 300w, https:\/\/www.berrand-sarl.fr\/EnR\/wp-content\/uploads\/2019\/12\/CARBOPVCESI-768x576.jpg 768w\" sizes=\"auto, (max-width: 768px) 100vw, 768px\" \/><figcaption class=\"wp-element-caption\"><strong><span class=\"has-inline-color has-vivid-red-color\">Toutes les installations pr\u00e9sent\u00e9es dans cette page ont \u00e9t\u00e9 r\u00e9alis\u00e9es par BERRAND sarl<\/span><\/strong><\/figcaption><\/figure>\n<\/div>\n\n<div class=\"wp-block-image is-style-rounded\">\n<figure class=\"alignright size-full\" id=\"Haut_de_page\"><a href=\"#\"><img loading=\"lazy\" decoding=\"async\" width=\"40\" height=\"40\" src=\"https:\/\/www.berrand-sarl.fr\/EnR\/wp-content\/uploads\/2026\/04\/haut-page.jpg\" alt=\"Bouton haut page\" class=\"wp-image-15961\" title=\"Bouton vers haut de page\"\/><\/a><\/figure>\n<\/div>","protected":false},"excerpt":{"rendered":"<p>Les En&#8217;R, c&#8217;est quoi ou le d\u00e9veloppement Durable D\u00e9finition Le d\u00e9veloppement durable est \u00ab&nbsp;un d\u00e9veloppement qui r\u00e9pond aux besoins du pr\u00e9sent sans compromettre la capacit\u00e9 des g\u00e9n\u00e9rations&nbsp;futures \u00e0 r\u00e9pondre aux leurs&nbsp;\u00bb, citation de Mme Gro Harlem Brundtland, Premier Ministre norv\u00e9gien&#8230; <\/p>\n","protected":false},"author":1,"featured_media":7700,"comment_status":"closed","ping_status":"closed","sticky":false,"template":"","format":"standard","meta":{"_seopress_robots_primary_cat":"12","_seopress_titles_title":"Les Energies renouvelables, c\u2019est quoi (EnR)","_seopress_titles_desc":"EnR est la forme courte et usuelle de l\u2019expression: \u00e9nergie renouvelable","_seopress_robots_index":"","_themeisle_gutenberg_block_has_review":false,"footnotes":""},"categories":[12],"tags":[],"class_list":["post-3266","post","type-post","status-publish","format-standard","has-post-thumbnail","hentry","category-nos-articles"],"_links":{"self":[{"href":"https:\/\/www.berrand-sarl.fr\/EnR\/wp-json\/wp\/v2\/posts\/3266","targetHints":{"allow":["GET"]}}],"collection":[{"href":"https:\/\/www.berrand-sarl.fr\/EnR\/wp-json\/wp\/v2\/posts"}],"about":[{"href":"https:\/\/www.berrand-sarl.fr\/EnR\/wp-json\/wp\/v2\/types\/post"}],"author":[{"embeddable":true,"href":"https:\/\/www.berrand-sarl.fr\/EnR\/wp-json\/wp\/v2\/users\/1"}],"replies":[{"embeddable":true,"href":"https:\/\/www.berrand-sarl.fr\/EnR\/wp-json\/wp\/v2\/comments?post=3266"}],"version-history":[{"count":0,"href":"https:\/\/www.berrand-sarl.fr\/EnR\/wp-json\/wp\/v2\/posts\/3266\/revisions"}],"wp:featuredmedia":[{"embeddable":true,"href":"https:\/\/www.berrand-sarl.fr\/EnR\/wp-json\/wp\/v2\/media\/7700"}],"wp:attachment":[{"href":"https:\/\/www.berrand-sarl.fr\/EnR\/wp-json\/wp\/v2\/media?parent=3266"}],"wp:term":[{"taxonomy":"category","embeddable":true,"href":"https:\/\/www.berrand-sarl.fr\/EnR\/wp-json\/wp\/v2\/categories?post=3266"},{"taxonomy":"post_tag","embeddable":true,"href":"https:\/\/www.berrand-sarl.fr\/EnR\/wp-json\/wp\/v2\/tags?post=3266"}],"curies":[{"name":"wp","href":"https:\/\/api.w.org\/{rel}","templated":true}]}}